{"id":21065,"date":"2026-01-08T15:09:00","date_gmt":"2026-01-08T15:09:00","guid":{"rendered":"https:\/\/unusualvoyages.com\/fora-do-comum-viajar-ato-politico\/"},"modified":"2026-02-28T12:27:47","modified_gmt":"2026-02-28T12:27:47","slug":"viajareumatopolitico","status":"publish","type":"post","link":"https:\/\/unusualvoyages.com\/pt\/viajareumatopolitico\/","title":{"rendered":"Conversas Fora do Comum: os nossos novos eventos offline em Lisboa"},"content":{"rendered":"\n<p>Em 2026, iniciamos uma parceria mensal com a <strong><a href=\"https:\/\/www.casadocomum.org\/\" target=\"_blank\" rel=\"noreferrer noopener nofollow\">Casa do Comum<\/a><\/strong> em Lisboa, Portugal: <strong>Conversas Fora do Comum<\/strong>. Todos os meses, um destino \u00e9 o ponto de partida para uma mesa redonda que estimula o pensamento cr\u00edtico, a escuta e o di\u00e1logo. Uma forma de viajar, sem sair do lugar.  <\/p>\n\n<!--more-->\n\n<p>\u00c9 importante ter estas conversas offline. Sentarmo-nos juntos na mesma sala permite-nos estabelecer uma liga\u00e7\u00e3o mais profunda, enquanto seres humanos, e ter o tipo de conversas lentas e ponderadas que muitas vezes se perdem na rapidez dos espa\u00e7os digitais. A premissa \u00e9 simples: alargar a nossa compreens\u00e3o do mundo e uns dos outros.  <\/p>\n\n<p>O formato \u00e9 deliberadamente descomplicado. Uma vez por m\u00eas, convido um ou dois viajantes a juntarem-se a mim para uma conversa em torno de um tema espec\u00edfico &#8211; normalmente enquadrado com um t\u00edtulo ligeiramente <em>&#8220;clickbait&#8221;<\/em>. Por detr\u00e1s do t\u00edtulo, no entanto, est\u00e1 sempre a mesma inten\u00e7\u00e3o: abrir espa\u00e7o para nuances, experi\u00eancias vividas e questionamentos sinceros.  <\/p>\n\n<p>Para a <strong>unusual voyages<\/strong>, viajar nunca foi uma quest\u00e3o de riscar destinos de uma lista. Tem a ver com rela\u00e7\u00f5es, responsabilidade e consci\u00eancia. Estas conversas reflectem isso mesmo. Recorrem a viagens reais, a encontros no terreno e \u00e0s contradi\u00e7\u00f5es que surgem quando nos movemos por diferentes culturas e contextos pol\u00edticos.   <\/p>\n\n<p>Vivemos numa \u00e9poca de crescente polariza\u00e7\u00e3o &#8211; ideol\u00f3gica, pol\u00edtica, religiosa. As narrativas s\u00e3o simplificadas, as posi\u00e7\u00f5es endurecem e a empatia perde-se muitas vezes pelo caminho. Criar espa\u00e7o para falar sobre estas quest\u00f5es parece menos uma escolha e mais uma necessidade.  <\/p>\n\n<p><strong>As Conversas Fora do Comum<\/strong> n\u00e3o t\u00eam como objetivo convencer ou oferecer respostas. Existem para fazer perguntas melhores. O que \u00e9 que significa viajar hoje em dia? O que \u00e9 que levamos connosco para al\u00e9m das fronteiras? Como \u00e9 que o poder, o privil\u00e9gio, a hist\u00f3ria e a identidade moldam a forma como nos deslocamos pelo mundo?    <\/p>\n\n<p>Esta \u00e9 a nossa forma de continuar o trabalho que fazemos atrav\u00e9s das viagens &#8211; ouvindo, partilhando hist\u00f3rias e mantendo-nos curiosos.<\/p>\n\n<div style=\"height:100px\" aria-hidden=\"true\" class=\"wp-block-spacer\"><\/div>\n\n<h3 class=\"wp-block-heading\">Primeira Conversa Fora do Comum<\/h3>\n\n<h2 class=\"wp-block-heading\"><strong><em>Viajar \u00e9 um Ato Pol\u00edtico<\/em><\/strong><\/h2>\n\n<div style=\"height:20px\" aria-hidden=\"true\" class=\"wp-block-spacer\"><\/div>\n\n<p>Abrimos o ciclo das Conversas Fora do Comum no dia 24 de janeiro de 2026 com o tema &#8220;Viajar \u00e9 um ato pol\u00edtico&#8221;.<\/p>\n\n<p>Viajar nunca \u00e9 neutro. Come\u00e7a com o passaporte que temos, as fronteiras que podemos atravessar facilmente &#8211; ou n\u00e3o &#8211; e os pressupostos associados ao local de onde vimos. Continua na forma como olhamos para os lugares, como interpretamos as pessoas e como a pol\u00edtica global, os conflitos e a desigualdade moldam as nossas viagens.  <\/p>\n\n<p>Para esta primeira conversa, convidei o <strong><a href=\"https:\/\/www.walkingaround.pt\/\" target=\"_blank\" rel=\"noreferrer noopener nofollow\">F\u00e1bio In\u00e1cio<\/a><\/strong> &#8211; fot\u00f3grafo, escritor e apaixonado por viagens lentas e de longa dist\u00e2ncia. Atrav\u00e9s de hist\u00f3rias de anos na estrada, a caminhar ou pedalar por pa\u00edses e continentes, vamos refletir sobre como as viagens se cruzam com o poder, a identidade, os estere\u00f3tipos e a responsabilidade. <\/p>\n\n<p><strong>REGISTO AQUI:<\/strong><\/p>\n\n<iframe src=\"https:\/\/luma.com\/embed\/event\/evt-rACcACy3XQigf25\/simple\" width=\"100%\" height=\"450\" frameborder=\"0\" style=\"border: 1px solid #bfcbda88; border-radius: 4px;\" allow=\"fullscreen; payment\" aria-hidden=\"false\" tabindex=\"0\"><\/iframe>\n\n<div style=\"height:100px\" aria-hidden=\"true\" class=\"wp-block-spacer\"><\/div>\n\n<hr class=\"wp-block-separator has-alpha-channel-opacity\"\/>\n\n<div class=\"wp-block-columns is-layout-flex wp-container-core-columns-is-layout-9d6595d7 wp-block-columns-is-layout-flex\">\n<div class=\"wp-block-column is-layout-flow wp-block-column-is-layout-flow\"><\/div>\n\n\n\n<div class=\"wp-block-column is-layout-flow wp-block-column-is-layout-flow\"><\/div>\n<\/div>\n\n<p><\/p>\n","protected":false},"excerpt":{"rendered":"<p>Em 2026, iniciamos uma parceria mensal com a Casa do Comum em Lisboa, Portugal: Conversas Fora do Comum. Todos os meses, um destino \u00e9 o ponto de partida para uma mesa redonda que estimula o pensamento cr\u00edtico, a escuta e o di\u00e1logo. Uma forma de viajar para longe, sem sair do lugar.  <\/p>\n","protected":false},"author":1,"featured_media":0,"comment_status":"open","ping_status":"open","sticky":false,"template":"","format":"standard","meta":{"footnotes":""},"categories":[675],"tags":[676,677],"class_list":["post-21065","post","type-post","status-publish","format-standard","hentry","category-conversas-fora-do-comum","tag-viagens","tag-conversas"],"_links":{"self":[{"href":"https:\/\/unusualvoyages.com\/pt\/wp-json\/wp\/v2\/posts\/21065","targetHints":{"allow":["GET"]}}],"collection":[{"href":"https:\/\/unusualvoyages.com\/pt\/wp-json\/wp\/v2\/posts"}],"about":[{"href":"https:\/\/unusualvoyages.com\/pt\/wp-json\/wp\/v2\/types\/post"}],"author":[{"embeddable":true,"href":"https:\/\/unusualvoyages.com\/pt\/wp-json\/wp\/v2\/users\/1"}],"replies":[{"embeddable":true,"href":"https:\/\/unusualvoyages.com\/pt\/wp-json\/wp\/v2\/comments?post=21065"}],"version-history":[{"count":0,"href":"https:\/\/unusualvoyages.com\/pt\/wp-json\/wp\/v2\/posts\/21065\/revisions"}],"wp:attachment":[{"href":"https:\/\/unusualvoyages.com\/pt\/wp-json\/wp\/v2\/media?parent=21065"}],"wp:term":[{"taxonomy":"category","embeddable":true,"href":"https:\/\/unusualvoyages.com\/pt\/wp-json\/wp\/v2\/categories?post=21065"},{"taxonomy":"post_tag","embeddable":true,"href":"https:\/\/unusualvoyages.com\/pt\/wp-json\/wp\/v2\/tags?post=21065"}],"curies":[{"name":"wp","href":"https:\/\/api.w.org\/{rel}","templated":true}]}}