{"id":21756,"date":"2026-03-21T20:15:05","date_gmt":"2026-03-21T20:15:05","guid":{"rendered":"https:\/\/unusualvoyages.com\/mulheres-do-mundo\/"},"modified":"2026-03-21T20:25:06","modified_gmt":"2026-03-21T20:25:06","slug":"mulheres-do-mundo","status":"publish","type":"post","link":"https:\/\/unusualvoyages.com\/pt\/mulheres-do-mundo\/","title":{"rendered":"Mulheres do Mundo"},"content":{"rendered":"\n<p><strong><em>Mulheres do Mundo<\/em><\/strong> \u00e9 um conjunto de retratos que celebra a for\u00e7a, a criatividade e a resili\u00eancia feminina em diferentes culturas.<br\/>Exposi\u00e7\u00e3o fotogr\u00e1fica de T\u00e2nia Neves @ <a href=\"http:\/\/casadocomum.org\" data-type=\"link\" data-id=\"casadocomum.org\" target=\"_blank\" rel=\"noreferrer noopener nofollow\">Casa do Comum<\/a>, at\u00e9 11 de abril de 2026.<\/p>\n\n<!--more-->\n<div class=\"wp-block-image\">\n<figure class=\"aligncenter size-large\"><img fetchpriority=\"high\" decoding=\"async\" width=\"819\" height=\"1024\" src=\"https:\/\/unusualvoyages.com\/wp-content\/uploads\/2026\/03\/MULHERES-DO-MUNDO_Capa-819x1024.jpg\" alt=\"Tr&#xEA;s mulheres em trajes tradicionais.\" class=\"wp-image-21746\"\/><\/figure>\n<\/div>\n<p>Desde 2015 que <a href=\"https:\/\/unusualvoyages.com\/pt\/tania-neves\/\" data-type=\"post\" data-id=\"9479\">T\u00e2nia Neves<\/a> viaja pelo mundo de c\u00e2mara em punho, documentando as culturas que encontra. Em 2024, foi finalista do programa <strong><a href=\"http:\/\/www.boramulheres.pt\" rel=\"nofollow noopener\" target=\"_blank\">&#8216;BORA Mulheres<\/a><\/strong> com o projecto unusual voyages \u2014 uma comunidade que promove a empatia entre culturas atrav\u00e9s da viagem. Defensora da autodetermina\u00e7\u00e3o \u00e9tnica e do empoderamento feminino, criou Mulheres do Mundo a convite do <a href=\"http:\/\/www.boramulheres.pt\" rel=\"nofollow noopener\" target=\"_blank\"><strong>&#8216;BORA Mulheres<\/strong><\/a> em 2025, regressando ao programa este ano como como embaixadora.  <\/p>\n\n<p>Das estepes da Mong\u00f3lia ao Alto Atlas marroquino, das montanhas Pamir \u00e0 Sierra Nevada colombiana, passando pela Coreia do Norte, pela Rota da Seda, pela Eti\u00f3pia e por comunidades isoladas na R\u00fassia, esta exposi\u00e7\u00e3o constr\u00f3i uma narrativa visual sobre diversidade, identidade e sobreviv\u00eancia cultural. Estas s\u00e3o mulheres que lideram, sustentam tradi\u00e7\u00f5es, enfrentam desigualdade e reinventam o quotidiano com uma enorme capacidade de adapta\u00e7\u00e3o e resist\u00eancia. <\/p>\n\n<p>A exposi\u00e7\u00e3o est\u00e1 patente no 1\u00ba piso da <strong>Casa do Comum<\/strong>, coincidindo com o bootcamp <strong><a href=\"http:\/\/www.boramulheres.pt\" rel=\"nofollow noopener\" target=\"_blank\">&#8216;BORA Mulheres<\/a><\/strong> (27\u201328 de mar\u00e7o) at\u00e9 11 de abril \u2014 data da pr\u00f3xima edi\u00e7\u00e3o das <em>Conversas Fora do Comum<\/em>, encontros mensais da <strong>unusual voyages<\/strong> na <strong>Casa do Comum<\/strong>, que partem da viagem para explorar temas como identidade, perten\u00e7a, desigualdade e futuro. <\/p>\n\n<p>Neste contexto, <em>Mulheres do Mundo<\/em> funciona como um complemento visual ao debate contempor\u00e2neo sobre lideran\u00e7a, equidade de g\u00e9nero e novas compet\u00eancias. Ao dar visibilidade a mulheres de contextos distintos, desafia a ideia de quem lidera e de onde nasce a mudan\u00e7a \u2014 mostrando que muitas das compet\u00eancias do futuro j\u00e1 s\u00e3o praticadas, todos os dias, por mulheres em todo o mundo. <\/p>\n\n<div style=\"height:100px\" aria-hidden=\"true\" class=\"wp-block-spacer\"><\/div>\n\n<hr class=\"wp-block-separator has-alpha-channel-opacity\"\/>\n\n<div style=\"height:50px\" aria-hidden=\"true\" class=\"wp-block-spacer\"><\/div>\n\n<div class=\"wp-block-columns is-layout-flex wp-container-core-columns-is-layout-9d6595d7 wp-block-columns-is-layout-flex\">\n<div class=\"wp-block-column is-layout-flow wp-block-column-is-layout-flow\"><\/div>\n\n\n\n<div class=\"wp-block-column is-layout-flow wp-block-column-is-layout-flow\"><\/div>\n<\/div>\n\n<p><\/p>\n","protected":false},"excerpt":{"rendered":"<p>Mulheres do Mundo \u00e9 um conjunto de retratos que celebra a for\u00e7a, a criatividade e a resili\u00eancia feminina em diferentes culturas.<br \/>\nExposi\u00e7\u00e3o fotogr\u00e1fica de T\u00e2nia Neves @ Casa do Comum, at\u00e9 11 de abril de 2026.<\/p>\n","protected":false},"author":1,"featured_media":21755,"comment_status":"open","ping_status":"open","sticky":false,"template":"","format":"standard","meta":{"footnotes":""},"categories":[354],"tags":[694,695],"class_list":["post-21756","post","type-post","status-publish","format-standard","has-post-thumbnail","hentry","category-fotografia","tag-fotografia","tag-offline"],"_links":{"self":[{"href":"https:\/\/unusualvoyages.com\/pt\/wp-json\/wp\/v2\/posts\/21756","targetHints":{"allow":["GET"]}}],"collection":[{"href":"https:\/\/unusualvoyages.com\/pt\/wp-json\/wp\/v2\/posts"}],"about":[{"href":"https:\/\/unusualvoyages.com\/pt\/wp-json\/wp\/v2\/types\/post"}],"author":[{"embeddable":true,"href":"https:\/\/unusualvoyages.com\/pt\/wp-json\/wp\/v2\/users\/1"}],"replies":[{"embeddable":true,"href":"https:\/\/unusualvoyages.com\/pt\/wp-json\/wp\/v2\/comments?post=21756"}],"version-history":[{"count":0,"href":"https:\/\/unusualvoyages.com\/pt\/wp-json\/wp\/v2\/posts\/21756\/revisions"}],"wp:featuredmedia":[{"embeddable":true,"href":"https:\/\/unusualvoyages.com\/pt\/wp-json\/wp\/v2\/media\/21755"}],"wp:attachment":[{"href":"https:\/\/unusualvoyages.com\/pt\/wp-json\/wp\/v2\/media?parent=21756"}],"wp:term":[{"taxonomy":"category","embeddable":true,"href":"https:\/\/unusualvoyages.com\/pt\/wp-json\/wp\/v2\/categories?post=21756"},{"taxonomy":"post_tag","embeddable":true,"href":"https:\/\/unusualvoyages.com\/pt\/wp-json\/wp\/v2\/tags?post=21756"}],"curies":[{"name":"wp","href":"https:\/\/api.w.org\/{rel}","templated":true}]}}